{"id":8094,"date":"2026-09-01T07:00:08","date_gmt":"2026-09-01T11:00:08","guid":{"rendered":"https:\/\/ssencressc.ca\/?p=8094"},"modified":"2026-08-31T10:08:30","modified_gmt":"2026-08-31T14:08:30","slug":"mot-de-la-presidente-automne-2026","status":"publish","type":"post","link":"https:\/\/ssencressc.ca\/fr\/mot-de-la-presidente-automne-2026\/","title":{"rendered":"Mot de la pr\u00e9sidente &#8211; Automne 2026"},"content":{"rendered":"<p>[et_pb_section fb_built=\u00a0\u00bb1&Prime; admin_label=\u00a0\u00bbSalon Article\u00a0\u00bb _builder_version=\u00a0\u00bb4.27.0&Prime; da_disable_devices=\u00a0\u00bboff|off|off\u00a0\u00bb global_colors_info=\u00a0\u00bb{}\u00a0\u00bb da_is_popup=\u00a0\u00bboff\u00a0\u00bb da_exit_intent=\u00a0\u00bboff\u00a0\u00bb da_has_close=\u00a0\u00bbon\u00a0\u00bb da_alt_close=\u00a0\u00bboff\u00a0\u00bb da_dark_close=\u00a0\u00bboff\u00a0\u00bb da_not_modal=\u00a0\u00bbon\u00a0\u00bb da_is_singular=\u00a0\u00bboff\u00a0\u00bb da_with_loader=\u00a0\u00bboff\u00a0\u00bb da_has_shadow=\u00a0\u00bbon\u00a0\u00bb][et_pb_row _builder_version=\u00a0\u00bb4.27.4&Prime; _module_preset=\u00a0\u00bbdefault\u00a0\u00bb global_colors_info=\u00a0\u00bb{}\u00a0\u00bb][et_pb_column type=\u00a0\u00bb4_4&Prime; _builder_version=\u00a0\u00bb4.27.4&Prime; _module_preset=\u00a0\u00bbdefault\u00a0\u00bb global_colors_info=\u00a0\u00bb{}\u00a0\u00bb][et_pb_post_nav in_same_term=\u00a0\u00bbon\u00a0\u00bb _builder_version=\u00a0\u00bb4.27.4&Prime; _module_preset=\u00a0\u00bbdefault\u00a0\u00bb global_colors_info=\u00a0\u00bb{}\u00a0\u00bb][\/et_pb_post_nav][\/et_pb_column][\/et_pb_row][et_pb_row column_structure=\u00a0\u00bb2_5,3_5&Prime; admin_label=\u00a0\u00bbrow\u00a0\u00bb _builder_version=\u00a0\u00bb4.27.4&Prime; background_size=\u00a0\u00bbinitial\u00a0\u00bb background_position=\u00a0\u00bbtop_left\u00a0\u00bb background_repeat=\u00a0\u00bbrepeat\u00a0\u00bb global_colors_info=\u00a0\u00bb{}\u00a0\u00bb][et_pb_column type=\u00a0\u00bb2_5&Prime; _builder_version=\u00a0\u00bb4.24.2&Prime; _module_preset=\u00a0\u00bbdefault\u00a0\u00bb global_colors_info=\u00a0\u00bb{}\u00a0\u00bb][et_pb_text admin_label=\u00a0\u00bbtitle\/author\u00a0\u00bb _builder_version=\u00a0\u00bb4.27.7&Prime; _module_preset=\u00a0\u00bbdefault\u00a0\u00bb min_height=\u00a0\u00bb22.8px\u00a0\u00bb global_colors_info=\u00a0\u00bb{}\u00a0\u00bb]<\/p>\n<h1>Mot de la pr\u00e9sidente<\/h1>\n<p><span style=\"font-weight: 400;\">Rachel Collishaw<\/span><\/p>\n<p>[\/et_pb_text][et_pb_text admin_label=\u00a0\u00bbDescription\u00a0\u00bb _builder_version=\u00a0\u00bb4.27.8&Prime; _module_preset=\u00a0\u00bbdefault\u00a0\u00bb custom_padding=\u00a0\u00bb||0px|||\u00a0\u00bb hover_enabled=\u00a0\u00bb0&Prime; global_colors_info=\u00a0\u00bb{}\u00a0\u00bb sticky_enabled=\u00a0\u00bb0&Prime;]<\/p>\n<p>En tant qu&rsquo;enseignantes et enseignants en sciences sociales, nous remarquons souvent les constantes qui se d\u00e9gagent du pass\u00e9 et du pr\u00e9sent. Nous sommes en mesure de voir comment le pass\u00e9 influence le pr\u00e9sent. Notre r\u00f4le consiste \u00e0 mettre ces influences en lumi\u00e8re afin que nos \u00e9l\u00e8ves puissent r\u00e9fl\u00e9chir de fa\u00e7on \u00e9clair\u00e9e aux r\u00e9alit\u00e9s complexes du monde actuel.<\/p>\n<p>Rien de bien compliqu\u00e9\u2026<\/p>\n<p>Heureusement, vous n\u2019\u00eates pas seuls! Le RESSC et ses partenaires sont l\u00e0 pour vous soutenir. Dans ce num\u00e9ro de Salon, vous trouverez autant de textes qui invitent \u00e0 la r\u00e9flexion que de ressources pr\u00eates \u00e0 utiliser en classe. Vous faites partie d\u2019un r\u00e9seau de milliers d\u2019enseignantes et d\u2019enseignants en sciences sociales qui retournent en salle de classe partout au pays, pr\u00eats \u00e0 aborder les grands comme les petits enjeux du pass\u00e9, du pr\u00e9sent et de l\u2019avenir.<\/p>\n<p>[\/et_pb_text][\/et_pb_column][et_pb_column type=\u00a0\u00bb3_5&Prime; _builder_version=\u00a0\u00bb4.24.2&Prime; _module_preset=\u00a0\u00bbdefault\u00a0\u00bb global_colors_info=\u00a0\u00bb{}\u00a0\u00bb][et_pb_image src=\u00a0\u00bbhttps:\/\/ssencressc.ca\/wp-content\/uploads\/2022\/06\/Salon-cover-english-e1726253816347.jpg\u00a0\u00bb alt=\u00a0\u00bbSalon cover\u00a0\u00bb title_text=\u00a0\u00bbSalon\u00a0\u00bb show_bottom_space=\u00a0\u00bboff\u00a0\u00bb _builder_version=\u00a0\u00bb4.27.7&Prime; _module_preset=\u00a0\u00bbdefault\u00a0\u00bb global_colors_info=\u00a0\u00bb{}\u00a0\u00bb][\/et_pb_image][\/et_pb_column][\/et_pb_row][et_pb_row admin_label=\u00a0\u00bbrow\u00a0\u00bb _builder_version=\u00a0\u00bb4.16&Prime; background_size=\u00a0\u00bbinitial\u00a0\u00bb background_position=\u00a0\u00bbtop_left\u00a0\u00bb background_repeat=\u00a0\u00bbrepeat\u00a0\u00bb global_colors_info=\u00a0\u00bb{}\u00a0\u00bb][et_pb_column type=\u00a0\u00bb4_4&Prime; _builder_version=\u00a0\u00bb4.16&Prime; custom_padding=\u00a0\u00bb|||\u00a0\u00bb global_colors_info=\u00a0\u00bb{}\u00a0\u00bb custom_padding__hover=\u00a0\u00bb|||\u00a0\u00bb][et_pb_text admin_label=\u00a0\u00bbDescription\u00a0\u00bb _builder_version=\u00a0\u00bb4.27.7&Prime; _module_preset=\u00a0\u00bbdefault\u00a0\u00bb custom_margin=\u00a0\u00bb-25px||||false|false\u00a0\u00bb custom_padding=\u00a0\u00bb||0px|||\u00a0\u00bb global_colors_info=\u00a0\u00bb{}\u00a0\u00bb]<\/p>\n<p>Dans ce num\u00e9ro, vous d\u00e9couvrirez des ressources p\u00e9dagogiques pour vous aider \u00e0 vous pr\u00e9parer pour le jour du Souvenir (et bien au-del\u00e0), \u00e0 animer des d\u00e9bats sur des questions de politiques publiques, \u00e0 explorer de grandes cartes murales et \u00e0 faire conna\u00eetre les premi\u00e8res op\u00e9rations d\u2019internement au Canada. Vous y trouverez \u00e9galement un compte rendu stimulant de l\u2019ouvrage Rescuing Reason: How History Education Can Help Save Democracy, r\u00e9dig\u00e9e par les \u00e9minents universitaires Carla Peck et Alan Sears. Enfin, vous en apprendrez davantage sur l\u2019exp\u00e9rience exceptionnelle d\u2019apprentissage et de remise en question qu\u2019ont v\u00e9cue les membres du conseil d\u2019administration du RESSC dans le Nord canadien cet \u00e9t\u00e9.<\/p>\n<p>Septembre est un mois occup\u00e9, plus particuli\u00e8rement maintenant qu&rsquo;est soulign\u00e9e, le 30 septembre, la Journ\u00e9e nationale pour la V\u00e9rit\u00e9 et la R\u00e9conciliation. Nous avons d\u00e9velopp\u00e9 un <a href=\"https:\/\/ssencressc.ca\/fr\/les-publications\/les-deux-rives-de-la-birdtail\/\">guide de l&rsquo;enseignant<\/a> afin d&rsquo;animer une discussion en lien avec le livre Les deux rives de la Birdtail. Ce guide vise \u00e0 vous permettre, avec vos coll\u00e8gues, d&rsquo;approfondir votre compr\u00e9hension d&rsquo;une page de notre histoire.<\/p>\n<p>Nous savons qu\u2019il est exigeant d\u2019enseigner les sciences sociales. Mais nous savons aussi que c\u2019est essentiel. C\u2019est pourquoi il est important de demeurer en contact les uns avec les autres afin de continuer \u00e0 offrir le meilleur de nous-m\u00eames au b\u00e9n\u00e9fice de nos \u00e9l\u00e8ves et de notre soci\u00e9t\u00e9.<\/p>\n<p>[\/et_pb_text][\/et_pb_column][\/et_pb_row][\/et_pb_section]<\/p>\n","protected":false},"excerpt":{"rendered":"<p>En tant qu&rsquo;enseignantes et enseignants en sciences sociales, nous remarquons souvent les constantes qui se d\u00e9gagent du pass\u00e9 et du pr\u00e9sent. Nous sommes en mesure de voir comment le pass\u00e9 influence le pr\u00e9sent. Notre r\u00f4le consiste \u00e0 mettre ces influences en lumi\u00e8re afin que nos \u00e9l\u00e8ves puissent r\u00e9fl\u00e9chir de fa\u00e7on \u00e9clair\u00e9e aux r\u00e9alit\u00e9s complexes du monde actuel.<\/p>\n","protected":false},"author":3,"featured_media":5704,"comment_status":"closed","ping_status":"closed","sticky":false,"template":"","format":"standard","meta":{"_et_pb_use_builder":"on","_et_pb_old_content":"","_et_gb_content_width":"","_monsterinsights_skip_tracking":false,"footnotes":""},"categories":[976,108],"tags":[],"class_list":["post-8094","post","type-post","status-publish","format-standard","has-post-thumbnail","hentry","category-news-fr","category-salon-fr"],"_links":{"self":[{"href":"https:\/\/ssencressc.ca\/fr\/wp-json\/wp\/v2\/posts\/8094","targetHints":{"allow":["GET"]}}],"collection":[{"href":"https:\/\/ssencressc.ca\/fr\/wp-json\/wp\/v2\/posts"}],"about":[{"href":"https:\/\/ssencressc.ca\/fr\/wp-json\/wp\/v2\/types\/post"}],"author":[{"embeddable":true,"href":"https:\/\/ssencressc.ca\/fr\/wp-json\/wp\/v2\/users\/3"}],"replies":[{"embeddable":true,"href":"https:\/\/ssencressc.ca\/fr\/wp-json\/wp\/v2\/comments?post=8094"}],"version-history":[{"count":9,"href":"https:\/\/ssencressc.ca\/fr\/wp-json\/wp\/v2\/posts\/8094\/revisions"}],"predecessor-version":[{"id":8226,"href":"https:\/\/ssencressc.ca\/fr\/wp-json\/wp\/v2\/posts\/8094\/revisions\/8226"}],"wp:featuredmedia":[{"embeddable":true,"href":"https:\/\/ssencressc.ca\/fr\/wp-json\/wp\/v2\/media\/5704"}],"wp:attachment":[{"href":"https:\/\/ssencressc.ca\/fr\/wp-json\/wp\/v2\/media?parent=8094"}],"wp:term":[{"taxonomy":"category","embeddable":true,"href":"https:\/\/ssencressc.ca\/fr\/wp-json\/wp\/v2\/categories?post=8094"},{"taxonomy":"post_tag","embeddable":true,"href":"https:\/\/ssencressc.ca\/fr\/wp-json\/wp\/v2\/tags?post=8094"}],"curies":[{"name":"wp","href":"https:\/\/api.w.org\/{rel}","templated":true}]}}