{"id":8103,"date":"2026-09-01T06:55:28","date_gmt":"2026-09-01T10:55:28","guid":{"rendered":"https:\/\/ssencressc.ca\/?p=8103"},"modified":"2026-08-31T10:09:23","modified_gmt":"2026-08-31T14:09:23","slug":"ressources-dapprentissage-gratuites-danciens-combattants-canada","status":"publish","type":"post","link":"https:\/\/ssencressc.ca\/fr\/ressources-dapprentissage-gratuites-danciens-combattants-canada\/","title":{"rendered":"Ressources d\u2019apprentissage gratuites d\u2019Anciens Combattants Canada"},"content":{"rendered":"<p>[et_pb_section fb_built=\u00a0\u00bb1&Prime; admin_label=\u00a0\u00bbSalon Article\u00a0\u00bb _builder_version=\u00a0\u00bb4.27.0&Prime; da_disable_devices=\u00a0\u00bboff|off|off\u00a0\u00bb global_colors_info=\u00a0\u00bb{}\u00a0\u00bb da_is_popup=\u00a0\u00bboff\u00a0\u00bb da_exit_intent=\u00a0\u00bboff\u00a0\u00bb da_has_close=\u00a0\u00bbon\u00a0\u00bb da_alt_close=\u00a0\u00bboff\u00a0\u00bb da_dark_close=\u00a0\u00bboff\u00a0\u00bb da_not_modal=\u00a0\u00bbon\u00a0\u00bb da_is_singular=\u00a0\u00bboff\u00a0\u00bb da_with_loader=\u00a0\u00bboff\u00a0\u00bb da_has_shadow=\u00a0\u00bbon\u00a0\u00bb][et_pb_row _builder_version=\u00a0\u00bb4.27.4&Prime; _module_preset=\u00a0\u00bbdefault\u00a0\u00bb global_colors_info=\u00a0\u00bb{}\u00a0\u00bb][et_pb_column type=\u00a0\u00bb4_4&Prime; _builder_version=\u00a0\u00bb4.27.4&Prime; _module_preset=\u00a0\u00bbdefault\u00a0\u00bb global_colors_info=\u00a0\u00bb{}\u00a0\u00bb][et_pb_post_nav in_same_term=\u00a0\u00bbon\u00a0\u00bb _builder_version=\u00a0\u00bb4.27.4&Prime; _module_preset=\u00a0\u00bbdefault\u00a0\u00bb global_colors_info=\u00a0\u00bb{}\u00a0\u00bb][\/et_pb_post_nav][\/et_pb_column][\/et_pb_row][et_pb_row column_structure=\u00a0\u00bb3_5,2_5&Prime; admin_label=\u00a0\u00bbrow\u00a0\u00bb _builder_version=\u00a0\u00bb4.27.4&Prime; background_size=\u00a0\u00bbinitial\u00a0\u00bb background_position=\u00a0\u00bbtop_left\u00a0\u00bb background_repeat=\u00a0\u00bbrepeat\u00a0\u00bb global_colors_info=\u00a0\u00bb{}\u00a0\u00bb][et_pb_column type=\u00a0\u00bb3_5&Prime; _builder_version=\u00a0\u00bb4.24.2&Prime; _module_preset=\u00a0\u00bbdefault\u00a0\u00bb global_colors_info=\u00a0\u00bb{}\u00a0\u00bb][et_pb_text admin_label=\u00a0\u00bbtitle\/author\u00a0\u00bb _builder_version=\u00a0\u00bb4.27.7&Prime; _module_preset=\u00a0\u00bbdefault\u00a0\u00bb min_height=\u00a0\u00bb22.8px\u00a0\u00bb hover_enabled=\u00a0\u00bb0&Prime; global_colors_info=\u00a0\u00bb{}\u00a0\u00bb sticky_enabled=\u00a0\u00bb0&Prime;]<\/p>\n<h1>Ressources d\u2019apprentissage gratuites d\u2019Anciens Combattants Canada<\/h1>\n<p>[\/et_pb_text][et_pb_text admin_label=\u00a0\u00bbDescription\u00a0\u00bb _builder_version=\u00a0\u00bb4.27.7&Prime; _module_preset=\u00a0\u00bbdefault\u00a0\u00bb custom_padding=\u00a0\u00bb||0px|||\u00a0\u00bb hover_enabled=\u00a0\u00bb0&Prime; global_colors_info=\u00a0\u00bb{}\u00a0\u00bb sticky_enabled=\u00a0\u00bb0&Prime;]<\/p>\n<p><strong>\u00a0Nous avons la chance de vivre en paix gr\u00e2ce au service et aux sacrifices durables de ceux et celles qui ont port\u00e9 l\u2019uniforme tout au long de notre histoire militaire. \u00c0 l\u2019occasion de la Semaine des v\u00e9t\u00e9rans (du 5 au 11 novembre), aidez vos \u00e9l\u00e8ves \u00e0 mieux comprendre le pr\u00e9sent en examinant le pass\u00e9, gr\u00e2ce \u00e0 des ressources gratuites con\u00e7ues pour les aider \u00e0 <em>se souvenir<\/em> des v\u00e9t\u00e9ranes et v\u00e9t\u00e9rans du Canada, et \u00e0 leur <em>rendre hommage.<\/em><\/strong><\/p>\n<p>[\/et_pb_text][\/et_pb_column][et_pb_column type=\u00a0\u00bb2_5&Prime; _builder_version=\u00a0\u00bb4.24.2&Prime; _module_preset=\u00a0\u00bbdefault\u00a0\u00bb global_colors_info=\u00a0\u00bb{}\u00a0\u00bb][et_pb_image src=\u00a0\u00bbhttps:\/\/ssencressc.ca\/wp-content\/uploads\/2026\/09\/poppy-banner-1100&#215;375-1.jpg\u00a0\u00bb title_text=\u00a0\u00bbpoppy-banner-1100&#215;375&Prime; show_bottom_space=\u00a0\u00bboff\u00a0\u00bb _builder_version=\u00a0\u00bb4.27.7&Prime; _module_preset=\u00a0\u00bbdefault\u00a0\u00bb global_colors_info=\u00a0\u00bb{}\u00a0\u00bb][\/et_pb_image][\/et_pb_column][\/et_pb_row][et_pb_row admin_label=\u00a0\u00bbrow\u00a0\u00bb _builder_version=\u00a0\u00bb4.16&Prime; background_size=\u00a0\u00bbinitial\u00a0\u00bb background_position=\u00a0\u00bbtop_left\u00a0\u00bb background_repeat=\u00a0\u00bbrepeat\u00a0\u00bb global_colors_info=\u00a0\u00bb{}\u00a0\u00bb][et_pb_column type=\u00a0\u00bb4_4&Prime; _builder_version=\u00a0\u00bb4.16&Prime; custom_padding=\u00a0\u00bb|||\u00a0\u00bb global_colors_info=\u00a0\u00bb{}\u00a0\u00bb custom_padding__hover=\u00a0\u00bb|||\u00a0\u00bb][et_pb_text admin_label=\u00a0\u00bbDescription\u00a0\u00bb _builder_version=\u00a0\u00bb4.27.7&Prime; _module_preset=\u00a0\u00bbdefault\u00a0\u00bb text_font_size=\u00a0\u00bb22px\u00a0\u00bb custom_margin=\u00a0\u00bb-25px||||false|false\u00a0\u00bb custom_padding=\u00a0\u00bb||10px||false|false\u00a0\u00bb hover_enabled=\u00a0\u00bb0&Prime; global_colors_info=\u00a0\u00bb{}\u00a0\u00bb sticky_enabled=\u00a0\u00bb0&Prime;]<\/p>\n<p style=\"text-align: center;\"><strong>Explorez nos ressources et commandez des documents imprim\u00e9s en visitant <\/strong><\/p>\n<p style=\"text-align: center;\"><a href=\"https:\/\/veterans.gc.ca\/fr\/commemoration\/ressources-dapprentissage\/ressources-pour-la-classe\" target=\"_blank\" rel=\"noopener\"><strong>veterans.gc.ca\/fr\/commemoration<\/strong><\/a><\/p>\n<p style=\"text-align: center;\"><strong>\u00e0 partir du 8 septembre!<\/strong><\/p>\n<p>[\/et_pb_text][et_pb_text admin_label=\u00a0\u00bbDescription\u00a0\u00bb _builder_version=\u00a0\u00bb4.27.7&Prime; _module_preset=\u00a0\u00bbdefault\u00a0\u00bb custom_margin=\u00a0\u00bb-25px||||false|false\u00a0\u00bb custom_padding=\u00a0\u00bb||0px|||\u00a0\u00bb hover_enabled=\u00a0\u00bb0&Prime; global_colors_info=\u00a0\u00bb{}\u00a0\u00bb sticky_enabled=\u00a0\u00bb0&Prime;]<\/p>\n<h3>Voici un survol de nouvelles ressources, et quelques valeurs s\u00fbres des ann\u00e9es pr\u00e9c\u00e9dentes :<\/h3>\n<h4>\u00a0<\/h4>\n<h4><strong>Journaux, affiches et autres ressources gratuites<\/strong><\/h4>\n<p>Chaque automne, nous offrons de nouvelles versions :<\/p>\n<ul>\n<li>du livret d\u2019activit\u00e9s \u00ab Prendre le temps de se souvenir \u00bb (pour les 5 \u00e0 7 ans)<\/li>\n<li>du journal \u00ab Histoires d\u2019animaux \u00e0 la guerre \u00bb (pour les 7 \u00e0 11 ans)<\/li>\n<li>du journal \u00ab Le Canada se souvient \u00bb (pour les 12 ans et plus)<\/li>\n<li>des affiches et des signets<\/li>\n<li>des cartes d\u2019appr\u00e9ciation des v\u00e9t\u00e9rans<\/li>\n<\/ul>\n<p>[\/et_pb_text][\/et_pb_column][\/et_pb_row][et_pb_row column_structure=\u00a0\u00bb3_5,2_5&Prime; _builder_version=\u00a0\u00bb4.27.7&Prime; _module_preset=\u00a0\u00bbdefault\u00a0\u00bb custom_margin=\u00a0\u00bb0px||||false|false\u00a0\u00bb custom_padding=\u00a0\u00bb0px||||false|false\u00a0\u00bb global_colors_info=\u00a0\u00bb{}\u00a0\u00bb][et_pb_column type=\u00a0\u00bb3_5&Prime; _builder_version=\u00a0\u00bb4.27.7&Prime; _module_preset=\u00a0\u00bbdefault\u00a0\u00bb global_colors_info=\u00a0\u00bb{}\u00a0\u00bb][et_pb_text _builder_version=\u00a0\u00bb4.27.7&Prime; _module_preset=\u00a0\u00bbdefault\u00a0\u00bb hover_enabled=\u00a0\u00bb0&Prime; global_colors_info=\u00a0\u00bb{}\u00a0\u00bb sticky_enabled=\u00a0\u00bb0&Prime;]<\/p>\n<p>Ce mat\u00e9riel encourage les \u00e9l\u00e8ves de tous \u00e2ges \u00e0 explorer l\u2019histoire militaire du Canada. Les cartes d\u2019appr\u00e9ciation des v\u00e9t\u00e9rans aident les \u00e9l\u00e8ves \u00e0 remercier les v\u00e9t\u00e9ranes et v\u00e9t\u00e9ranes de votre communaut\u00e9. Consultez \u00e9galement des \u00e9ditions num\u00e9riques bonifi\u00e9es, comprenant des vid\u00e9os et des entrevues avec des v\u00e9t\u00e9rans.<\/p>\n<p>[\/et_pb_text][et_pb_text _builder_version=\u00a0\u00bb4.27.7&Prime; _module_preset=\u00a0\u00bbdefault\u00a0\u00bb hover_enabled=\u00a0\u00bb0&Prime; global_colors_info=\u00a0\u00bb{}\u00a0\u00bb sticky_enabled=\u00a0\u00bb0&Prime;]<\/p>\n<h4><strong>Activit\u00e9 en vedette : N\u2019oubliez pas de vous souvenir<\/strong><\/h4>\n<p>Transformez le Souvenir en action, en cr\u00e9ant un coquelicot en mosa\u00efque dans votre classe. Les \u00e9l\u00e8ves peuvent se souvenir de Canadiennes et Canadiens morts en service militaire ou encore honorer une v\u00e9t\u00e9rane ou un v\u00e9t\u00e9ran, en \u00e9crivant des messages de gratitude sur des notes autocollantes rouges. Commandez vos feuillets autocollants gratuits, jusqu\u2019\u00e0 \u00e9puisement des stocks!<\/p>\n<p>[\/et_pb_text][\/et_pb_column][et_pb_column type=\u00a0\u00bb2_5&Prime; _builder_version=\u00a0\u00bb4.27.7&Prime; _module_preset=\u00a0\u00bbdefault\u00a0\u00bb global_colors_info=\u00a0\u00bb{}\u00a0\u00bb][et_pb_image src=\u00a0\u00bbhttps:\/\/ssencressc.ca\/wp-content\/uploads\/2026\/09\/veteranimage1.png\u00a0\u00bb title_text=\u00a0\u00bbveteranimage1&Prime; show_bottom_space=\u00a0\u00bboff\u00a0\u00bb _builder_version=\u00a0\u00bb4.27.7&Prime; _module_preset=\u00a0\u00bbdefault\u00a0\u00bb global_colors_info=\u00a0\u00bb{}\u00a0\u00bb][\/et_pb_image][\/et_pb_column][\/et_pb_row][et_pb_row _builder_version=\u00a0\u00bb4.27.7&Prime; _module_preset=\u00a0\u00bbdefault\u00a0\u00bb custom_margin=\u00a0\u00bb0px||||false|false\u00a0\u00bb custom_padding=\u00a0\u00bb0px||||false|false\u00a0\u00bb global_colors_info=\u00a0\u00bb{}\u00a0\u00bb][et_pb_column type=\u00a0\u00bb4_4&Prime; _builder_version=\u00a0\u00bb4.27.7&Prime; _module_preset=\u00a0\u00bbdefault\u00a0\u00bb global_colors_info=\u00a0\u00bb{}\u00a0\u00bb][et_pb_text _builder_version=\u00a0\u00bb4.27.7&Prime; _module_preset=\u00a0\u00bbdefault\u00a0\u00bb custom_margin=\u00a0\u00bb0px||0px||false|false\u00a0\u00bb custom_padding=\u00a0\u00bb0px||||false|false\u00a0\u00bb global_colors_info=\u00a0\u00bb{}\u00a0\u00bb]<\/p>\n<h4><strong>\u00a0Vid\u00e9os \u00e9ducatives<\/strong><\/h4>\n<p>Chaque vid\u00e9o \u00e9ducative est agr\u00e9ment\u00e9e d\u2019un plan de le\u00e7on ou d\u2019une activit\u00e9. Les titres ci-dessous sont des nouveaut\u00e9s pour 2026 :<\/p>\n<ul>\n<li>Monument comm\u00e9moratif national de la mission du Canada en Afghanistan \u2013 Joignez-vous au concepteur Adrian Stimson, de la nation des Siksika (Pieds-Noirs), pour un aper\u00e7u du nouveau monument que le Canada construit pour honorer celles et ceux qui ont servi et se sont sacrifi\u00e9s en Afghanistan.<\/li>\n<li>Notre histoire : Les Canadiennes en uniforme \u2013 D\u00e9couvrez comment le r\u00f4le des femmes dans les Forces arm\u00e9es canadiennes a \u00e9volu\u00e9 au fil du temps.<\/li>\n<li>Chaque monument comm\u00e9moratif raconte une histoire \u2013 Nos personnages anim\u00e9s visitent des monuments comm\u00e9moratifs au Canada et en France pour apprendre comment ces structures nous aident \u00e0 nous souvenir.<\/li>\n<li>Qui est un v\u00e9t\u00e9ran? \u2013 Les v\u00e9t\u00e9rans ne sont pas seulement dans les livres d\u2019histoire, ils sont nos voisins, notre famille et nos amis. Faites jouer cette vid\u00e9o anim\u00e9e pour expliquer \u00e0 vos \u00e9l\u00e8ves qui est une v\u00e9t\u00e9rane ou un v\u00e9t\u00e9ran, ou avant la visite d\u2019un conf\u00e9rencier.<\/li>\n<\/ul>\n<p>[\/et_pb_text][et_pb_text _builder_version=\u00a0\u00bb4.27.7&Prime; _module_preset=\u00a0\u00bbdefault\u00a0\u00bb custom_margin=\u00a0\u00bb0px||0px||false|false\u00a0\u00bb custom_padding=\u00a0\u00bb0px||||false|false\u00a0\u00bb hover_enabled=\u00a0\u00bb0&Prime; global_colors_info=\u00a0\u00bb{}\u00a0\u00bb sticky_enabled=\u00a0\u00bb0&Prime;]<\/p>\n<h4><strong>Plans de le\u00e7ons et modules th\u00e9matiques<\/strong><\/h4>\n<p>Choisissez parmi plus de 100 plans de le\u00e7on ou d\u00e9couvrez des modules th\u00e9matiques :<\/p>\n<ul>\n<li>la mission du Canada en Afghanistan<\/li>\n<li>les femmes canadiennes en uniforme<\/li>\n<li>les contributions des v\u00e9t\u00e9rans autochtones<\/li>\n<li>le r\u00f4le que jouent les monuments comm\u00e9moratifs pour nous aider \u00e0 nous souvenir<\/li>\n<\/ul>\n<h4><strong>Voici quelques activit\u00e9s que vos \u00e9l\u00e8ves peuvent faire en classe :<\/strong><\/h4>\n<ul>\n<li>Un po\u00e8me, plusieurs voix \u2013 Laissez le po\u00e8me \u00ab Au champ d\u2019honneur \u00bb et le M\u00e9morial M\u00e9moire de Flandre inspirer les \u00e9l\u00e8ves \u00e0 transformer l\u2019art en action. Comprend des traductions vid\u00e9o, audio et de po\u00e8mes \u00e9crits dans des dizaines de langues autochtones et internationales.<\/li>\n<li>Chaque monument raconte une histoire \u2013 Aidez vos \u00e9l\u00e8ves \u00e0 en apprendre davantage sur les histoires que les monuments comm\u00e9moratifs nous racontent. Cinq plans de le\u00e7on explorent les monuments comm\u00e9moratifs locaux, nationaux et internationaux.<\/li>\n<li>Analyse vid\u00e9o des femmes en uniforme \u2013 Plongez dans l\u2019\u00e9volution des r\u00f4les et des points de vue des femmes dans les forces arm\u00e9es canadiennes. Les \u00e9l\u00e8ves compareront notre nouvelle vid\u00e9o \u00ab Notre histoire : Les Canadiennes en uniforme \u00bb avec la vid\u00e9o de recrutement datant de la Seconde Guerre mondiale \u00ab The proudest girl in the world \u00bb.<\/li>\n<li>Intelligence artificielle et comm\u00e9moration \u2013 Explorer l\u2019utilisation de l\u2019intelligence artificielle (IA) pour en apprendre davantage sur la guerre et le Souvenir. Y a-t-il une diff\u00e9rence entre affiner une photo et animer un soldat mort au combat ? Les \u00e9l\u00e8ves doivent tenir compte de consid\u00e9rations \u00e9thiques et du public-cible lorsqu\u2019ils cr\u00e9ent des lignes directrices sur l\u2019utilisation responsable de l\u2019IA g\u00e9n\u00e9rative dans les projets de comm\u00e9moration.<\/li>\n<\/ul>\n<p>[\/et_pb_text][et_pb_text _builder_version=\u00a0\u00bb4.27.7&Prime; _module_preset=\u00a0\u00bbdefault\u00a0\u00bb header_line_height=\u00a0\u00bb1.7em\u00a0\u00bb header_3_line_height=\u00a0\u00bb1.3em\u00a0\u00bb header_4_line_height=\u00a0\u00bb1.3em\u00a0\u00bb hover_enabled=\u00a0\u00bb0&Prime; global_colors_info=\u00a0\u00bb{}\u00a0\u00bb sticky_enabled=\u00a0\u00bb0&Prime;]<\/p>\n<h3><strong>Planification d\u2019une c\u00e9r\u00e9monie du jour du Souvenir<\/strong><\/h3>\n<h4>Si vous planifiez une c\u00e9r\u00e9monie comm\u00e9morative pour votre \u00e9cole, nous avons les vid\u00e9os, la musique, les lectures, les pr\u00e9sentations et les notes d\u2019allocution dont vous avez besoin ! Ce guichet unique est un partenariat entre la L\u00e9gion royale canadienne, le Programme national des conf\u00e9renciers de la Semaine des v\u00e9t\u00e9rans, les Forces arm\u00e9es canadiennes et Anciens Combattants Canada.<\/h4>\n<p>[\/et_pb_text][et_pb_text _builder_version=\u00a0\u00bb4.27.7&Prime; _module_preset=\u00a0\u00bbdefault\u00a0\u00bb hover_enabled=\u00a0\u00bb0&Prime; global_colors_info=\u00a0\u00bb{}\u00a0\u00bb sticky_enabled=\u00a0\u00bb0&Prime;]<\/p>\n<h4><strong>Inscrivez-vous pour recevoir des mises \u00e0 jour par courriel<\/strong><\/h4>\n<p>Soyez les premiers inform\u00e9s lorsque de nouvelles ressources d\u2019apprentissage sont disponibles!<br \/>Envoyez-nous un courriel d\u00e8s aujourd\u2019hui \u00e0 <a href=\"mailto:education@veterans.gc.ca\">education@veterans.gc.ca<\/a> <\/p>\n<p>[\/et_pb_text][\/et_pb_column][\/et_pb_row][\/et_pb_section]<\/p>\n","protected":false},"excerpt":{"rendered":"<p> Nous avons la chance de vivre en paix gr\u00e2ce au service et aux sacrifices durables de ceux et celles qui ont port\u00e9 l\u2019uniforme tout au long de notre histoire militaire. \u00c0 l\u2019occasion de la Semaine des v\u00e9t\u00e9rans (du 5 au 11 novembre), aidez vos \u00e9l\u00e8ves \u00e0 mieux comprendre le pr\u00e9sent en examinant le pass\u00e9, gr\u00e2ce \u00e0 des ressources gratuites con\u00e7ues pour les aider \u00e0 se souvenir des v\u00e9t\u00e9ranes et v\u00e9t\u00e9rans du Canada, et \u00e0 leur rendre hommage.<\/p>\n","protected":false},"author":14,"featured_media":8092,"comment_status":"closed","ping_status":"closed","sticky":false,"template":"","format":"standard","meta":{"_et_pb_use_builder":"on","_et_pb_old_content":"<p>[et_pb_section fb_built=\"1\" admin_label=\"Salon Article\" _builder_version=\"4.27.0\" da_disable_devices=\"off|off|off\" global_colors_info=\"{}\" da_is_popup=\"off\" da_exit_intent=\"off\" da_has_close=\"on\" da_alt_close=\"off\" da_dark_close=\"off\" da_not_modal=\"on\" da_is_singular=\"off\" da_with_loader=\"off\" da_has_shadow=\"on\"][et_pb_row _builder_version=\"4.27.4\" _module_preset=\"default\" global_colors_info=\"{}\"][et_pb_column type=\"4_4\" _builder_version=\"4.27.4\" _module_preset=\"default\" global_colors_info=\"{}\"][et_pb_post_nav in_same_term=\"on\" _builder_version=\"4.27.4\" _module_preset=\"default\" global_colors_info=\"{}\"][\/et_pb_post_nav][\/et_pb_column][\/et_pb_row][et_pb_row column_structure=\"3_5,2_5\" admin_label=\"row\" _builder_version=\"4.27.4\" background_size=\"initial\" background_position=\"top_left\" background_repeat=\"repeat\" global_colors_info=\"{}\"][et_pb_column type=\"3_5\" _builder_version=\"4.24.2\" _module_preset=\"default\" global_colors_info=\"{}\"][et_pb_text admin_label=\"title\/author\" _builder_version=\"4.27.7\" _module_preset=\"default\" min_height=\"22.8px\" global_colors_info=\"{}\"]<\/p><h1>Engaging (and free!) learning resources from Veterans Affairs Canada<\/h1><p>[\/et_pb_text][et_pb_text admin_label=\"Description\" _builder_version=\"4.27.7\" _module_preset=\"default\" custom_padding=\"||0px|||\" global_colors_info=\"{}\"]<\/p><p><strong>In Canada, we are fortunate to live in peace, thanks to the service and sacrifice of those who have served in uniform across our military history. Leading up to Veterans\u2019 Week (November 5-11), help your students better understand the present by examining the past. Our free print and online resources are designed to help students of all ages <em>remember<\/em> and <em>recognize<\/em> Canada\u2019s Veterans.<\/strong><\/p><p>[\/et_pb_text][\/et_pb_column][et_pb_column type=\"2_5\" _builder_version=\"4.24.2\" _module_preset=\"default\" global_colors_info=\"{}\"][et_pb_image src=\"https:\/\/ssencressc.ca\/wp-content\/uploads\/2026\/09\/poppy-banner-1100x375-1.jpg\" show_bottom_space=\"off\" _builder_version=\"4.27.7\" _module_preset=\"default\" hover_enabled=\"0\" global_colors_info=\"{}\" title_text=\"poppy-banner-1100x375\" sticky_enabled=\"0\"][\/et_pb_image][\/et_pb_column][\/et_pb_row][et_pb_row admin_label=\"row\" _builder_version=\"4.16\" background_size=\"initial\" background_position=\"top_left\" background_repeat=\"repeat\" global_colors_info=\"{}\"][et_pb_column type=\"4_4\" _builder_version=\"4.16\" custom_padding=\"|||\" global_colors_info=\"{}\" custom_padding__hover=\"|||\"][et_pb_text admin_label=\"Description\" _builder_version=\"4.27.7\" _module_preset=\"default\" text_font_size=\"22px\" custom_margin=\"-25px||||false|false\" custom_padding=\"||10px||false|false\" global_colors_info=\"{}\"]<\/p><p style=\"text-align: center;\"><strong>Discover all these resources and place your order at<\/strong><\/p><p style=\"text-align: center;\"><strong><a href=\"http:\/\/veterans.gc.ca\/educators\">veterans.gc.ca\/educators<\/a><\/strong><\/p><p style=\"text-align: center;\"><strong>as of September 8!<\/strong><\/p><p>[\/et_pb_text][et_pb_text admin_label=\"Description\" _builder_version=\"4.27.7\" _module_preset=\"default\" custom_margin=\"-25px||||false|false\" custom_padding=\"||0px|||\" global_colors_info=\"{}\"]<\/p><h3>Here\u2019s a snapshot of our new materials...and some favourites:<\/h3><h4>\u00a0<\/h4><h4><strong>Free print materials<\/strong><\/h4><p>Each fall, we offer new versions of our popular:<\/p><ul><li>Take Time to Remember activity booklet (K-2)<\/li><li>Tales of Animals in War newspaper (Grades 3-6),<\/li><li>Canada Remembers Times newspaper (Grades 7-12)<\/li><li>Poster and bookmarks, and<\/li><li>Veteran recognition cards<\/li><\/ul><p>[\/et_pb_text][\/et_pb_column][\/et_pb_row][et_pb_row column_structure=\"3_5,2_5\" _builder_version=\"4.27.7\" _module_preset=\"default\" custom_margin=\"0px||||false|false\" custom_padding=\"0px||||false|false\" global_colors_info=\"{}\"][et_pb_column type=\"3_5\" _builder_version=\"4.27.7\" _module_preset=\"default\" global_colors_info=\"{}\"][et_pb_text _builder_version=\"4.27.7\" _module_preset=\"default\" global_colors_info=\"{}\"]<\/p><p>Each product encourages students to explore Canada\u2019s military history and Veterans\u2019 stories. Our special Veteran recognition cards help students thank Veterans in your community. The enhanced digital editions feature integrated videos and Veteran interviews, bringing the stories to life.<\/p><p>[\/et_pb_text][et_pb_text _builder_version=\"4.27.7\" _module_preset=\"default\" global_colors_info=\"{}\"]<\/p><h4><strong>Featured activity: Don\u2019t forget to remember<\/strong><\/h4><p>Turn remembrance into action! Have students create a mosaic poppy in your classroom. They can remember the fallen or recognize a Veteran by writing messages of gratitude on red sticky notes. Order your free red sticky notes while supplies last!<\/p><p>[\/et_pb_text][\/et_pb_column][et_pb_column type=\"2_5\" _builder_version=\"4.27.7\" _module_preset=\"default\" global_colors_info=\"{}\"][et_pb_image src=\"https:\/\/ssencressc.ca\/wp-content\/uploads\/2026\/09\/veteranimage1.png\" title_text=\"veteranimage1\" show_bottom_space=\"off\" _builder_version=\"4.27.7\" _module_preset=\"default\" global_colors_info=\"{}\"][\/et_pb_image][\/et_pb_column][\/et_pb_row][et_pb_row _builder_version=\"4.27.7\" _module_preset=\"default\" custom_margin=\"0px||||false|false\" custom_padding=\"0px||||false|false\" global_colors_info=\"{}\"][et_pb_column type=\"4_4\" _builder_version=\"4.27.7\" _module_preset=\"default\" global_colors_info=\"{}\"][et_pb_text _builder_version=\"4.27.7\" _module_preset=\"default\" custom_margin=\"0px||0px||false|false\" custom_padding=\"0px||||false|false\" global_colors_info=\"{}\"]<\/p><h4><strong>Educational videos<\/strong><\/h4><p>Lesson plans and activities complement each video. New for 2026 are:<\/p><ul><li>The National Monument to Canada\u2019s Mission in [C(1] Afghanistan \u2013 Join designer Adrian[C(2] Stimson from the Siksika (Blackfoot) Nation for an inside look at the new monument Canada is building to honour those who served and sacrificed in Afghanistan.<\/li><li>Her story: Canadian women in uniform \u2013 Explore how the roles of women in the Canadian Armed Forces have evolved over time.<\/li><li>Every memorial tells a story \u2013 Our animated animal characters visit memorials in Canada and France to learn how they help us remember.<\/li><li>Who is a Veteran? \u2013 Veterans aren\u2019t just in history books, they\u2019re our neighbours, family and friends. Play this animated video on its own or before a guest speaker visits.<\/li><\/ul><p>[\/et_pb_text][et_pb_text _builder_version=\"4.27.7\" _module_preset=\"default\" custom_margin=\"0px||0px||false|false\" custom_padding=\"0px||||false|false\" global_colors_info=\"{}\"]<\/p><h4><strong>Educational videos<\/strong><\/h4><p>Lesson plans and activities complement each video. New for 2026 are:<\/p><ul><li>The National Monument to Canada\u2019s Mission in [C(1] Afghanistan \u2013 Join designer Adrian[C(2] Stimson from the Siksika (Blackfoot) Nation for an inside look at the new monument Canada is building to honour those who served and sacrificed in Afghanistan.<\/li><li>Her story: Canadian women in uniform \u2013 Explore how the roles of women in the Canadian Armed Forces have evolved over time.<\/li><li>Every memorial tells a story \u2013 Our animated animal characters visit memorials in Canada and France to learn how they help us remember.<\/li><li>Who is a Veteran? \u2013 Veterans aren\u2019t just in history books, they\u2019re our neighbours, family and friends. Play this animated video on its own or before a guest speaker visits.<\/li><\/ul><h4><b>Lesson plans and special collections<\/b><\/h4><ul><li>Choose from over 100 lesson plans, or discover four new curated collections to help you teach about:<\/li><li>Canada\u2019s mission in Afghanistan<\/li><li>Canadian women in uniform<\/li><li>the contributions of Indigenous Veterans, and<\/li><li>the roles memorials play in helping us remember<\/li><\/ul><h4><strong>Some activities your students can do this year include:<\/strong><\/h4><ul><li>One poem, many voices \u2013 Let the poem In Flanders Fields and the Remember Flanders Memorial inspire students to turn art into action. Includes video, audio and written poem translations in dozens of Indigenous and international languages.<\/li><li>Every memorial tells a story unit \u2013 Help your students learn the stories memorials tell us about history and those who made it. Five lesson plans explore local, national and international memorials.<\/li><li>Women in uniform video analysis \u2013 Take a deep dive into the changing roles and views of women in Canada\u2019s armed forces. Students will compare and contrast our new video Her story: Canadian women in uniform with the 1940s recruiting video The proudest girl in the world.<\/li><li>Artificial intelligence and remembrance \u2013 Explore the use of artificial intelligence (AI) in learning about war and remembrance. Is there a difference between sharpening a photo and animating a fallen soldier? Students consider ethics, authors, and audience as they create guidelines on the ethical use of GenAI in commemoration projects.<\/li><\/ul><p>[\/et_pb_text][et_pb_text _builder_version=\"4.27.7\" _module_preset=\"default\" header_line_height=\"1.7em\" header_3_line_height=\"1.3em\" header_4_line_height=\"1.3em\" global_colors_info=\"{}\"]<\/p><h3><strong>Plan a Remembrance Day ceremony<\/strong><\/h3><h4>We have the videos, music, readings, presentations and MC notes you need! This one-stop shop is a partnership between The Royal Canadian Legion, the Canadian Armed Forces National Veterans\u2019 Week Speakers Program and Veterans Affairs Canada<\/h4><p>[\/et_pb_text][et_pb_text _builder_version=\"4.27.7\" _module_preset=\"default\" global_colors_info=\"{}\"]<\/p><h4><b>Sign up for email updates<\/b><\/h4><p>Be the first to know when free materials and new learning materials are available.<br \/>Email us at <a href=\"mailto:education@veterans.gc.ca\">education@veterans.gc.ca<\/a> today to sign up!<\/p><p>[\/et_pb_text][\/et_pb_column][\/et_pb_row][\/et_pb_section]<\/p>","_et_gb_content_width":"","_monsterinsights_skip_tracking":false,"footnotes":""},"categories":[975,108],"tags":[],"class_list":["post-8103","post","type-post","status-publish","format-standard","has-post-thumbnail","hentry","category-partners-fr","category-salon-fr"],"_links":{"self":[{"href":"https:\/\/ssencressc.ca\/fr\/wp-json\/wp\/v2\/posts\/8103","targetHints":{"allow":["GET"]}}],"collection":[{"href":"https:\/\/ssencressc.ca\/fr\/wp-json\/wp\/v2\/posts"}],"about":[{"href":"https:\/\/ssencressc.ca\/fr\/wp-json\/wp\/v2\/types\/post"}],"author":[{"embeddable":true,"href":"https:\/\/ssencressc.ca\/fr\/wp-json\/wp\/v2\/users\/14"}],"replies":[{"embeddable":true,"href":"https:\/\/ssencressc.ca\/fr\/wp-json\/wp\/v2\/comments?post=8103"}],"version-history":[{"count":6,"href":"https:\/\/ssencressc.ca\/fr\/wp-json\/wp\/v2\/posts\/8103\/revisions"}],"predecessor-version":[{"id":8208,"href":"https:\/\/ssencressc.ca\/fr\/wp-json\/wp\/v2\/posts\/8103\/revisions\/8208"}],"wp:featuredmedia":[{"embeddable":true,"href":"https:\/\/ssencressc.ca\/fr\/wp-json\/wp\/v2\/media\/8092"}],"wp:attachment":[{"href":"https:\/\/ssencressc.ca\/fr\/wp-json\/wp\/v2\/media?parent=8103"}],"wp:term":[{"taxonomy":"category","embeddable":true,"href":"https:\/\/ssencressc.ca\/fr\/wp-json\/wp\/v2\/categories?post=8103"},{"taxonomy":"post_tag","embeddable":true,"href":"https:\/\/ssencressc.ca\/fr\/wp-json\/wp\/v2\/tags?post=8103"}],"curies":[{"name":"wp","href":"https:\/\/api.w.org\/{rel}","templated":true}]}}